{"id":2795,"date":"2023-05-11T11:18:00","date_gmt":"2023-05-11T15:18:00","guid":{"rendered":"https:\/\/sriiz.com\/?p=2795"},"modified":"2023-07-03T11:18:26","modified_gmt":"2023-07-03T15:18:26","slug":"mediart-event-as-seen-by-montreal-tv","status":"publish","type":"post","link":"https:\/\/sriiz.com\/en\/mediart-event-as-seen-by-montreal-tv\/","title":{"rendered":"M\u00e9diart Event &#8211; As seen by Montr\u00e9al.TV!"},"content":{"rendered":"\n<figure class=\"wp-block-embed is-type-video is-provider-vimeo wp-block-embed-vimeo wp-embed-aspect-16-9 wp-has-aspect-ratio\"><div class=\"wp-block-embed__wrapper\">\n<iframe loading=\"lazy\" title=\"SRIIZ | Soir\u00e9e M\u00e9diart - Couverture par Montr\u00e9al.TV\" src=\"https:\/\/player.vimeo.com\/video\/840940512?dnt=1&amp;app_id=122963\" width=\"500\" height=\"281\" frameborder=\"0\" allow=\"autoplay; fullscreen; picture-in-picture; clipboard-write; encrypted-media\"><\/iframe>\n<\/div><\/figure>\n\n\n\n<p>Mediart &#8211; an event organized by SRIIZ and presented here, as seen by Montr\u00e9al.TV!<\/p>\n\n\n\n<p>Our event was an opportunity to celebrate art, creativity, and innovation. By bringing together various personalities from the media, journalism, art, and social media scenes, this day was a true success.<\/p>\n\n\n\n<p>Mediart highlighted the importance of art in our society and promoted the integration of art in public spaces, such as outdoor courtyards. The event showcased the works of talented artists such as Didier, Adornetto, Richard Bernardin, Dominik Sokolowski, L&#8217;Atelier Maude Artiste, Mazzuolo, and Marnier.<\/p>\n\n\n\n<p>We would like to thank all the participants, artists, and visitors for contributing to making this event an unforgettable moment!<\/p>\n","protected":false},"excerpt":{"rendered":"<p>Mediart &#8211; an event organized by SRIIZ and presented here, as seen by Montr\u00e9al.TV! Our event was an opportunity to celebrate art, creativity, and innovation. By bringing together various personalities from the media, journalism, art, and social media scenes, this day was a true success. Mediart highlighted the importance of art in our society and&#8230;<\/p>\n","protected":false},"author":8,"featured_media":2792,"comment_status":"open","ping_status":"open","sticky":false,"template":"","format":"standard","meta":{"_acf_changed":false,"inline_featured_image":false,"footnotes":""},"categories":[21],"tags":[],"class_list":["post-2795","post","type-post","status-publish","format-standard","has-post-thumbnail","hentry","category-art-dooring-en"],"acf":[],"yoast_head":"<!-- This site is optimized with the Yoast SEO plugin v24.4 - https:\/\/yoast.com\/wordpress\/plugins\/seo\/ -->\n<title>Blogue | SRIIZ | Cr\u00e9ateurs d\u2019espaces uniques<\/title>\n<meta name=\"description\" content=\"SRIIZ invites you to have a look at its blog. To question yourself on your vision of the world and how it turns. Inspire yourself.\" \/>\n<meta name=\"robots\" content=\"index, follow, max-snippet:-1, max-image-preview:large, max-video-preview:-1\" \/>\n<link rel=\"canonical\" href=\"https:\/\/sriiz.com\/en\/mediart-event-as-seen-by-montreal-tv\/\" \/>\n<meta property=\"og:locale\" content=\"en_US\" \/>\n<meta property=\"og:type\" content=\"article\" \/>\n<meta property=\"og:title\" content=\"Blogue | SRIIZ | Cr\u00e9ateurs d\u2019espaces uniques\" \/>\n<meta property=\"og:description\" content=\"SRIIZ invites you to have a look at its blog. To question yourself on your vision of the world and how it turns. Inspire yourself.\" \/>\n<meta property=\"og:url\" content=\"https:\/\/sriiz.com\/en\/mediart-event-as-seen-by-montreal-tv\/\" \/>\n<meta property=\"og:site_name\" content=\"SRIIZ - Cr\u00e9ateur d&#039;exp\u00e9riences\" \/>\n<meta property=\"article:publisher\" content=\"https:\/\/www.facebook.com\/sriiz.experience\/\" \/>\n<meta property=\"article:published_time\" content=\"2023-05-11T15:18:00+00:00\" \/>\n<meta property=\"article:modified_time\" content=\"2023-07-03T15:18:26+00:00\" \/>\n<meta property=\"og:image\" content=\"https:\/\/sriiz.com\/wp-content\/uploads\/2023\/07\/sriiz-video-montreal-tv.jpg\" \/>\n\t<meta property=\"og:image:width\" content=\"1920\" \/>\n\t<meta property=\"og:image:height\" content=\"1080\" \/>\n\t<meta property=\"og:image:type\" content=\"image\/jpeg\" \/>\n<meta name=\"author\" content=\"Frederic Meunier\" \/>\n<meta name=\"twitter:card\" content=\"summary_large_image\" \/>\n<meta name=\"twitter:label1\" content=\"Written by\" \/>\n\t<meta name=\"twitter:data1\" content=\"Frederic Meunier\" \/>\n\t<meta name=\"twitter:label2\" content=\"Est. reading time\" \/>\n\t<meta name=\"twitter:data2\" content=\"1 minute\" \/>\n<script type=\"application\/ld+json\" class=\"yoast-schema-graph\">{\"@context\":\"https:\/\/schema.org\",\"@graph\":[{\"@type\":\"Article\",\"@id\":\"https:\/\/sriiz.com\/en\/mediart-event-as-seen-by-montreal-tv\/#article\",\"isPartOf\":{\"@id\":\"https:\/\/sriiz.com\/en\/mediart-event-as-seen-by-montreal-tv\/\"},\"author\":{\"name\":\"Frederic Meunier\",\"@id\":\"https:\/\/sriiz.com\/en\/#\/schema\/person\/e6ddddb12157c62845e80cf509e11c0a\"},\"headline\":\"M\u00e9diart Event &#8211; As seen by Montr\u00e9al.TV!\",\"datePublished\":\"2023-05-11T15:18:00+00:00\",\"dateModified\":\"2023-07-03T15:18:26+00:00\",\"mainEntityOfPage\":{\"@id\":\"https:\/\/sriiz.com\/en\/mediart-event-as-seen-by-montreal-tv\/\"},\"wordCount\":125,\"commentCount\":0,\"publisher\":{\"@id\":\"https:\/\/sriiz.com\/en\/#organization\"},\"image\":{\"@id\":\"https:\/\/sriiz.com\/en\/mediart-event-as-seen-by-montreal-tv\/#primaryimage\"},\"thumbnailUrl\":\"https:\/\/sriiz.com\/wp-content\/uploads\/2023\/07\/sriiz-video-montreal-tv.jpg\",\"articleSection\":[\"Art-dooring\"],\"inLanguage\":\"en-US\",\"potentialAction\":[{\"@type\":\"CommentAction\",\"name\":\"Comment\",\"target\":[\"https:\/\/sriiz.com\/en\/mediart-event-as-seen-by-montreal-tv\/#respond\"]}]},{\"@type\":\"WebPage\",\"@id\":\"https:\/\/sriiz.com\/en\/mediart-event-as-seen-by-montreal-tv\/\",\"url\":\"https:\/\/sriiz.com\/en\/mediart-event-as-seen-by-montreal-tv\/\",\"name\":\"Blogue | SRIIZ | Cr\u00e9ateurs d\u2019espaces uniques\",\"isPartOf\":{\"@id\":\"https:\/\/sriiz.com\/en\/#website\"},\"primaryImageOfPage\":{\"@id\":\"https:\/\/sriiz.com\/en\/mediart-event-as-seen-by-montreal-tv\/#primaryimage\"},\"image\":{\"@id\":\"https:\/\/sriiz.com\/en\/mediart-event-as-seen-by-montreal-tv\/#primaryimage\"},\"thumbnailUrl\":\"https:\/\/sriiz.com\/wp-content\/uploads\/2023\/07\/sriiz-video-montreal-tv.jpg\",\"datePublished\":\"2023-05-11T15:18:00+00:00\",\"dateModified\":\"2023-07-03T15:18:26+00:00\",\"description\":\"SRIIZ invites you to have a look at its blog. To question yourself on your vision of the world and how it turns. Inspire yourself.\",\"breadcrumb\":{\"@id\":\"https:\/\/sriiz.com\/en\/mediart-event-as-seen-by-montreal-tv\/#breadcrumb\"},\"inLanguage\":\"en-US\",\"potentialAction\":[{\"@type\":\"ReadAction\",\"target\":[\"https:\/\/sriiz.com\/en\/mediart-event-as-seen-by-montreal-tv\/\"]}]},{\"@type\":\"ImageObject\",\"inLanguage\":\"en-US\",\"@id\":\"https:\/\/sriiz.com\/en\/mediart-event-as-seen-by-montreal-tv\/#primaryimage\",\"url\":\"https:\/\/sriiz.com\/wp-content\/uploads\/2023\/07\/sriiz-video-montreal-tv.jpg\",\"contentUrl\":\"https:\/\/sriiz.com\/wp-content\/uploads\/2023\/07\/sriiz-video-montreal-tv.jpg\",\"width\":1920,\"height\":1080},{\"@type\":\"BreadcrumbList\",\"@id\":\"https:\/\/sriiz.com\/en\/mediart-event-as-seen-by-montreal-tv\/#breadcrumb\",\"itemListElement\":[{\"@type\":\"ListItem\",\"position\":1,\"name\":\"Home\",\"item\":\"https:\/\/sriiz.com\/en\/\"},{\"@type\":\"ListItem\",\"position\":2,\"name\":\"M\u00e9diart Event &#8211; As seen by Montr\u00e9al.TV!\"}]},{\"@type\":\"WebSite\",\"@id\":\"https:\/\/sriiz.com\/en\/#website\",\"url\":\"https:\/\/sriiz.com\/en\/\",\"name\":\"SRIIZ - Cr\u00e9ateur d&#039;exp\u00e9riences\",\"description\":\"\",\"publisher\":{\"@id\":\"https:\/\/sriiz.com\/en\/#organization\"},\"potentialAction\":[{\"@type\":\"SearchAction\",\"target\":{\"@type\":\"EntryPoint\",\"urlTemplate\":\"https:\/\/sriiz.com\/en\/?s={search_term_string}\"},\"query-input\":{\"@type\":\"PropertyValueSpecification\",\"valueRequired\":true,\"valueName\":\"search_term_string\"}}],\"inLanguage\":\"en-US\"},{\"@type\":\"Organization\",\"@id\":\"https:\/\/sriiz.com\/en\/#organization\",\"name\":\"SRIIZ - Cr\u00e9ateur d'exp\u00e9riences\",\"url\":\"https:\/\/sriiz.com\/en\/\",\"logo\":{\"@type\":\"ImageObject\",\"inLanguage\":\"en-US\",\"@id\":\"https:\/\/sriiz.com\/en\/#\/schema\/logo\/image\/\",\"url\":\"http:\/\/www.sriiz.com\/wp-content\/uploads\/2021\/08\/Sriiz-logo-small-fr-2021.png\",\"contentUrl\":\"http:\/\/www.sriiz.com\/wp-content\/uploads\/2021\/08\/Sriiz-logo-small-fr-2021.png\",\"width\":235,\"height\":36,\"caption\":\"SRIIZ - Cr\u00e9ateur d'exp\u00e9riences\"},\"image\":{\"@id\":\"https:\/\/sriiz.com\/en\/#\/schema\/logo\/image\/\"},\"sameAs\":[\"https:\/\/www.facebook.com\/sriiz.experience\/\",\"https:\/\/www.instagram.com\/sriiz.experience\/\",\"https:\/\/www.linkedin.com\/company\/sriizexperience\/\"]},{\"@type\":\"Person\",\"@id\":\"https:\/\/sriiz.com\/en\/#\/schema\/person\/e6ddddb12157c62845e80cf509e11c0a\",\"name\":\"Frederic Meunier\",\"image\":{\"@type\":\"ImageObject\",\"inLanguage\":\"en-US\",\"@id\":\"https:\/\/sriiz.com\/en\/#\/schema\/person\/image\/\",\"url\":\"https:\/\/secure.gravatar.com\/avatar\/0c8271fe9bf9c3e149cb8b56967eca8f?s=96&d=mm&r=g\",\"contentUrl\":\"https:\/\/secure.gravatar.com\/avatar\/0c8271fe9bf9c3e149cb8b56967eca8f?s=96&d=mm&r=g\",\"caption\":\"Frederic Meunier\"},\"url\":\"https:\/\/sriiz.com\/en\/author\/archipel\/\"}]}<\/script>\n<!-- \/ Yoast SEO plugin. -->","yoast_head_json":{"title":"Blogue | SRIIZ | Cr\u00e9ateurs d\u2019espaces uniques","description":"SRIIZ invites you to have a look at its blog. To question yourself on your vision of the world and how it turns. Inspire yourself.","robots":{"index":"index","follow":"follow","max-snippet":"max-snippet:-1","max-image-preview":"max-image-preview:large","max-video-preview":"max-video-preview:-1"},"canonical":"https:\/\/sriiz.com\/en\/mediart-event-as-seen-by-montreal-tv\/","og_locale":"en_US","og_type":"article","og_title":"Blogue | SRIIZ | Cr\u00e9ateurs d\u2019espaces uniques","og_description":"SRIIZ invites you to have a look at its blog. To question yourself on your vision of the world and how it turns. Inspire yourself.","og_url":"https:\/\/sriiz.com\/en\/mediart-event-as-seen-by-montreal-tv\/","og_site_name":"SRIIZ - Cr\u00e9ateur d&#039;exp\u00e9riences","article_publisher":"https:\/\/www.facebook.com\/sriiz.experience\/","article_published_time":"2023-05-11T15:18:00+00:00","article_modified_time":"2023-07-03T15:18:26+00:00","og_image":[{"width":1920,"height":1080,"url":"https:\/\/sriiz.com\/wp-content\/uploads\/2023\/07\/sriiz-video-montreal-tv.jpg","type":"image\/jpeg"}],"author":"Frederic Meunier","twitter_card":"summary_large_image","twitter_misc":{"Written by":"Frederic Meunier","Est. reading time":"1 minute"},"schema":{"@context":"https:\/\/schema.org","@graph":[{"@type":"Article","@id":"https:\/\/sriiz.com\/en\/mediart-event-as-seen-by-montreal-tv\/#article","isPartOf":{"@id":"https:\/\/sriiz.com\/en\/mediart-event-as-seen-by-montreal-tv\/"},"author":{"name":"Frederic Meunier","@id":"https:\/\/sriiz.com\/en\/#\/schema\/person\/e6ddddb12157c62845e80cf509e11c0a"},"headline":"M\u00e9diart Event &#8211; As seen by Montr\u00e9al.TV!","datePublished":"2023-05-11T15:18:00+00:00","dateModified":"2023-07-03T15:18:26+00:00","mainEntityOfPage":{"@id":"https:\/\/sriiz.com\/en\/mediart-event-as-seen-by-montreal-tv\/"},"wordCount":125,"commentCount":0,"publisher":{"@id":"https:\/\/sriiz.com\/en\/#organization"},"image":{"@id":"https:\/\/sriiz.com\/en\/mediart-event-as-seen-by-montreal-tv\/#primaryimage"},"thumbnailUrl":"https:\/\/sriiz.com\/wp-content\/uploads\/2023\/07\/sriiz-video-montreal-tv.jpg","articleSection":["Art-dooring"],"inLanguage":"en-US","potentialAction":[{"@type":"CommentAction","name":"Comment","target":["https:\/\/sriiz.com\/en\/mediart-event-as-seen-by-montreal-tv\/#respond"]}]},{"@type":"WebPage","@id":"https:\/\/sriiz.com\/en\/mediart-event-as-seen-by-montreal-tv\/","url":"https:\/\/sriiz.com\/en\/mediart-event-as-seen-by-montreal-tv\/","name":"Blogue | SRIIZ | Cr\u00e9ateurs d\u2019espaces uniques","isPartOf":{"@id":"https:\/\/sriiz.com\/en\/#website"},"primaryImageOfPage":{"@id":"https:\/\/sriiz.com\/en\/mediart-event-as-seen-by-montreal-tv\/#primaryimage"},"image":{"@id":"https:\/\/sriiz.com\/en\/mediart-event-as-seen-by-montreal-tv\/#primaryimage"},"thumbnailUrl":"https:\/\/sriiz.com\/wp-content\/uploads\/2023\/07\/sriiz-video-montreal-tv.jpg","datePublished":"2023-05-11T15:18:00+00:00","dateModified":"2023-07-03T15:18:26+00:00","description":"SRIIZ invites you to have a look at its blog. To question yourself on your vision of the world and how it turns. Inspire yourself.","breadcrumb":{"@id":"https:\/\/sriiz.com\/en\/mediart-event-as-seen-by-montreal-tv\/#breadcrumb"},"inLanguage":"en-US","potentialAction":[{"@type":"ReadAction","target":["https:\/\/sriiz.com\/en\/mediart-event-as-seen-by-montreal-tv\/"]}]},{"@type":"ImageObject","inLanguage":"en-US","@id":"https:\/\/sriiz.com\/en\/mediart-event-as-seen-by-montreal-tv\/#primaryimage","url":"https:\/\/sriiz.com\/wp-content\/uploads\/2023\/07\/sriiz-video-montreal-tv.jpg","contentUrl":"https:\/\/sriiz.com\/wp-content\/uploads\/2023\/07\/sriiz-video-montreal-tv.jpg","width":1920,"height":1080},{"@type":"BreadcrumbList","@id":"https:\/\/sriiz.com\/en\/mediart-event-as-seen-by-montreal-tv\/#breadcrumb","itemListElement":[{"@type":"ListItem","position":1,"name":"Home","item":"https:\/\/sriiz.com\/en\/"},{"@type":"ListItem","position":2,"name":"M\u00e9diart Event &#8211; As seen by Montr\u00e9al.TV!"}]},{"@type":"WebSite","@id":"https:\/\/sriiz.com\/en\/#website","url":"https:\/\/sriiz.com\/en\/","name":"SRIIZ - Cr\u00e9ateur d&#039;exp\u00e9riences","description":"","publisher":{"@id":"https:\/\/sriiz.com\/en\/#organization"},"potentialAction":[{"@type":"SearchAction","target":{"@type":"EntryPoint","urlTemplate":"https:\/\/sriiz.com\/en\/?s={search_term_string}"},"query-input":{"@type":"PropertyValueSpecification","valueRequired":true,"valueName":"search_term_string"}}],"inLanguage":"en-US"},{"@type":"Organization","@id":"https:\/\/sriiz.com\/en\/#organization","name":"SRIIZ - Cr\u00e9ateur d'exp\u00e9riences","url":"https:\/\/sriiz.com\/en\/","logo":{"@type":"ImageObject","inLanguage":"en-US","@id":"https:\/\/sriiz.com\/en\/#\/schema\/logo\/image\/","url":"http:\/\/www.sriiz.com\/wp-content\/uploads\/2021\/08\/Sriiz-logo-small-fr-2021.png","contentUrl":"http:\/\/www.sriiz.com\/wp-content\/uploads\/2021\/08\/Sriiz-logo-small-fr-2021.png","width":235,"height":36,"caption":"SRIIZ - Cr\u00e9ateur d'exp\u00e9riences"},"image":{"@id":"https:\/\/sriiz.com\/en\/#\/schema\/logo\/image\/"},"sameAs":["https:\/\/www.facebook.com\/sriiz.experience\/","https:\/\/www.instagram.com\/sriiz.experience\/","https:\/\/www.linkedin.com\/company\/sriizexperience\/"]},{"@type":"Person","@id":"https:\/\/sriiz.com\/en\/#\/schema\/person\/e6ddddb12157c62845e80cf509e11c0a","name":"Frederic Meunier","image":{"@type":"ImageObject","inLanguage":"en-US","@id":"https:\/\/sriiz.com\/en\/#\/schema\/person\/image\/","url":"https:\/\/secure.gravatar.com\/avatar\/0c8271fe9bf9c3e149cb8b56967eca8f?s=96&d=mm&r=g","contentUrl":"https:\/\/secure.gravatar.com\/avatar\/0c8271fe9bf9c3e149cb8b56967eca8f?s=96&d=mm&r=g","caption":"Frederic Meunier"},"url":"https:\/\/sriiz.com\/en\/author\/archipel\/"}]}},"_links":{"self":[{"href":"https:\/\/sriiz.com\/en\/wp-json\/wp\/v2\/posts\/2795","targetHints":{"allow":["GET"]}}],"collection":[{"href":"https:\/\/sriiz.com\/en\/wp-json\/wp\/v2\/posts"}],"about":[{"href":"https:\/\/sriiz.com\/en\/wp-json\/wp\/v2\/types\/post"}],"author":[{"embeddable":true,"href":"https:\/\/sriiz.com\/en\/wp-json\/wp\/v2\/users\/8"}],"replies":[{"embeddable":true,"href":"https:\/\/sriiz.com\/en\/wp-json\/wp\/v2\/comments?post=2795"}],"version-history":[{"count":1,"href":"https:\/\/sriiz.com\/en\/wp-json\/wp\/v2\/posts\/2795\/revisions"}],"predecessor-version":[{"id":2796,"href":"https:\/\/sriiz.com\/en\/wp-json\/wp\/v2\/posts\/2795\/revisions\/2796"}],"wp:featuredmedia":[{"embeddable":true,"href":"https:\/\/sriiz.com\/en\/wp-json\/wp\/v2\/media\/2792"}],"wp:attachment":[{"href":"https:\/\/sriiz.com\/en\/wp-json\/wp\/v2\/media?parent=2795"}],"wp:term":[{"taxonomy":"category","embeddable":true,"href":"https:\/\/sriiz.com\/en\/wp-json\/wp\/v2\/categories?post=2795"},{"taxonomy":"post_tag","embeddable":true,"href":"https:\/\/sriiz.com\/en\/wp-json\/wp\/v2\/tags?post=2795"}],"curies":[{"name":"wp","href":"https:\/\/api.w.org\/{rel}","templated":true}]}}